{"id":2539,"date":"2025-07-22T11:00:34","date_gmt":"2025-07-22T10:00:34","guid":{"rendered":"https:\/\/ambabuja.esteri.it\/news\/dall_ambasciata\/2025\/07\/graduatoria-borsa-di-studio-study-in-italy-2025-2026\/"},"modified":"2025-07-25T09:34:32","modified_gmt":"2025-07-25T08:34:32","slug":"graduatoria-borsa-di-studio-study-in-italy-2025-2026","status":"publish","type":"post","link":"https:\/\/ambabuja.esteri.it\/fr\/news\/dall_ambasciata\/2025\/07\/graduatoria-borsa-di-studio-study-in-italy-2025-2026\/","title":{"rendered":"BENIN Classement de la bourse d\u2019\u00e9tudes &lsquo;Study in Italy&rsquo; 2025\/2026"},"content":{"rendered":"<h6>CLASSEMENT FINAL DES BOURSES D\u2019\u00c9TUDES ATTRIBU\u00c9ES PAR LE GOUVERNEMENT ITALIEN POUR L\u2019ANN\u00c9E ACAD\u00c9MIQUE 2025-2026 AUX \u00c9TUDIANTS B\u00c9NINOIS PAR L\u2019AMBASSADE D\u2019ITALIE \u00c0 ABUJA<\/h6>\n<p>&nbsp;<\/p>\n<table>\n<tbody>\n<tr>\n<td style=\"text-align: center;\" colspan=\"3\" width=\"677\"><strong>BENIN<\/strong><\/td>\n<\/tr>\n<tr>\n<td style=\"text-align: center;\" colspan=\"3\" width=\"677\">9 MENSUALIT\u00c9S<\/td>\n<\/tr>\n<tr>\n<td width=\"181\"><strong>Position<\/strong><\/td>\n<td width=\"326\"><strong>Num\u00e9ro de Protocole de la Demande<\/strong><\/td>\n<td width=\"169\"><strong>Statut<\/strong><\/td>\n<\/tr>\n<tr>\n<td width=\"181\">1<\/td>\n<td width=\"326\">1000040102<\/td>\n<td width=\"169\">GAGNANT<\/td>\n<\/tr>\n<tr style=\"border-top: 2px solid red;\">\n<td width=\"181\">1<\/td>\n<td width=\"326\">1000042406<\/td>\n<td width=\"169\">R\u00c9SERVE<\/td>\n<\/tr>\n<\/tbody>\n<\/table>\n<p>&nbsp;<\/p>\n<p>&nbsp;<\/p>\n<div data-testid=\"highlighted-chats\">\n<div>\n<div tabindex=\"0\" role=\"article\" data-tabster=\"{&quot;groupper&quot;:{&quot;tabbability&quot;:2},&quot;focusable&quot;:{}}\" data-content=\"ai-message\" aria-labelledby=\"zWeCcRCHL8g5ycJvXwWHx-author} zWeCcRCHL8g5ycJvXwWHx-content-0\">\n<div id=\"zWeCcRCHL8g5ycJvXwWHx-content-0\">\n<p><strong>L\u2019absence de son num\u00e9ro de protocole dans le classement final des boursiers ou dans la liste des r\u00e9serves \u00e9quivaut, \u00e0 tous les effets, \u00e0 une notification de non-attribution.<\/strong><\/p>\n<\/div>\n<\/div>\n<\/div>\n<div>\n<div><\/div>\n<\/div>\n<\/div>\n","protected":false},"excerpt":{"rendered":"CLASSEMENT FINAL DES BOURSES D\u2019\u00c9TUDES ATTRIBU\u00c9ES PAR LE GOUVERNEMENT ITALIEN POUR L\u2019ANN\u00c9E ACAD\u00c9MIQUE 2025-2026 AUX \u00c9TUDIANTS B\u00c9NINOIS PAR L\u2019AMBASSADE D\u2019ITALIE \u00c0 ABUJA &nbsp; BENIN 9 MENSUALIT\u00c9S Position Num\u00e9ro de Protocole de la Demande Statut 1 1000040102 GAGNANT 1 1000042406 R\u00c9SERVE &nbsp; &nbsp; L\u2019absence de son num\u00e9ro de protocole dans le classement final des boursiers ou [&hellip;]","protected":false},"author":6,"featured_media":1586,"comment_status":"closed","ping_status":"closed","sticky":false,"template":"","format":"standard","meta":{"footnotes":""},"tags":[5,7,14],"class_list":["post-2539","post","type-post","status-publish","format-standard","has-post-thumbnail","hentry","tag-cooperazione-allo-sviluppo","tag-diplomazia-culturale","tag-politica-estera"],"_links":{"self":[{"href":"https:\/\/ambabuja.esteri.it\/fr\/wp-json\/wp\/v2\/posts\/2539","targetHints":{"allow":["GET"]}}],"collection":[{"href":"https:\/\/ambabuja.esteri.it\/fr\/wp-json\/wp\/v2\/posts"}],"about":[{"href":"https:\/\/ambabuja.esteri.it\/fr\/wp-json\/wp\/v2\/types\/post"}],"author":[{"embeddable":true,"href":"https:\/\/ambabuja.esteri.it\/fr\/wp-json\/wp\/v2\/users\/6"}],"replies":[{"embeddable":true,"href":"https:\/\/ambabuja.esteri.it\/fr\/wp-json\/wp\/v2\/comments?post=2539"}],"version-history":[{"count":3,"href":"https:\/\/ambabuja.esteri.it\/fr\/wp-json\/wp\/v2\/posts\/2539\/revisions"}],"predecessor-version":[{"id":2585,"href":"https:\/\/ambabuja.esteri.it\/fr\/wp-json\/wp\/v2\/posts\/2539\/revisions\/2585"}],"wp:featuredmedia":[{"embeddable":true,"href":"https:\/\/ambabuja.esteri.it\/fr\/wp-json\/wp\/v2\/media\/1586"}],"wp:attachment":[{"href":"https:\/\/ambabuja.esteri.it\/fr\/wp-json\/wp\/v2\/media?parent=2539"}],"wp:term":[{"taxonomy":"post_tag","embeddable":true,"href":"https:\/\/ambabuja.esteri.it\/fr\/wp-json\/wp\/v2\/tags?post=2539"}],"curies":[{"name":"wp","href":"https:\/\/api.w.org\/{rel}","templated":true}]}}