{"id":2630,"date":"2025-10-15T14:42:29","date_gmt":"2025-10-15T13:42:29","guid":{"rendered":"https:\/\/ambabuja.esteri.it\/news\/dall_ambasciata\/2025\/10\/italia-rieletta-in-consiglio-dei-diritti-umani-onu-per-il-mandato-2026-28\/"},"modified":"2025-10-15T14:51:02","modified_gmt":"2025-10-15T13:51:02","slug":"italia-rieletta-in-consiglio-dei-diritti-umani-onu-per-il-mandato-2026-28","status":"publish","type":"post","link":"https:\/\/ambabuja.esteri.it\/fr\/news\/dall_ambasciata\/2025\/10\/italia-rieletta-in-consiglio-dei-diritti-umani-onu-per-il-mandato-2026-28\/","title":{"rendered":"L\u2019Italie r\u00e9\u00e9lue au Conseil des droits de l\u2019homme de l\u2019ONU pour le mandat 2026\u201128"},"content":{"rendered":"<p>Cinq ans apr\u00e8s son dernier mandat, l\u2019Italie retrouve son si\u00e8ge au Conseil des droits de l\u2019homme des Nations Unies (CDH) en tant que membre votant, r\u00e9affirmant son r\u00f4le dans la d\u00e9fense universelle des droits humains.<\/p>\n<p>Aujourd\u2019hui, l\u2019Assembl\u00e9e g\u00e9n\u00e9rale de l\u2019ONU a confirm\u00e9 la candidature italienne avec 179 voix. L\u2019Italie a \u00e9t\u00e9 la nation la plus vot\u00e9e au sein du Groupe des \u00c9tats d\u2019Europe occidentale et autres, pour la troisi\u00e8me fois cons\u00e9cutive apr\u00e8s ses r\u00e9sultats aux \u00e9lections \u00e0 la Commission des stup\u00e9fiants de l\u2019ONU (2023) et au Conseil \u00e9conomique et social (2024).<\/p>\n<p>Le ministre des Affaires \u00e9trang\u00e8res Antonio Tajani a accueilli avec satisfaction cette manifestation de confiance internationale, une reconnaissance de l\u2019engagement de longue date et de l\u2019attention de notre pays envers la protection des droits humains, la promotion du dialogue mondial, la protection des minorit\u00e9s et la valeur irrempla\u00e7able de la soci\u00e9t\u00e9 civile.<\/p>\n<p>Avec ce nouveau mandat \u2014 le quatri\u00e8me depuis la cr\u00e9ation du Conseil en 2006 \u2014 l\u2019Italie s\u2019appr\u00eate \u00e0 relancer son engagement. L\u2019action italienne au CDH se concentrera sur des th\u00e8mes tels que la lutte contre toutes les formes de discrimination, la protection des droits des enfants, des personnes \u00e2g\u00e9es et des personnes handicap\u00e9es, la d\u00e9fense de la libert\u00e9 d\u2019expression et de religion, ainsi que la sauvegarde du patrimoine culturel et religieux. \u00c0 cela s\u2019ajoute un combat historique de la diplomatie italienne : le moratoire universel sur la peine de mort, premi\u00e8re \u00e9tape vers son abolition compl\u00e8te.<\/p>\n<p>L\u2019Italie continuera \u00e0 travailler c\u00f4te \u00e0 c\u00f4te avec tous les partenaires internationaux pour renforcer l\u2019efficacit\u00e9 du CDH. L\u2019objectif est clair : faire du Conseil une r\u00e9f\u00e9rence toujours plus solide dans la promotion des droits humains fondamentaux, en d\u00e9fendant leur universalit\u00e9, leur interd\u00e9pendance et leur caract\u00e8re non s\u00e9lectif.<\/p>\n","protected":false},"excerpt":{"rendered":"Cinq ans apr\u00e8s son dernier mandat, l\u2019Italie retrouve son si\u00e8ge au Conseil des droits de l\u2019homme des Nations Unies (CDH) en tant que membre votant, r\u00e9affirmant son r\u00f4le dans la d\u00e9fense universelle des droits humains. Aujourd\u2019hui, l\u2019Assembl\u00e9e g\u00e9n\u00e9rale de l\u2019ONU a confirm\u00e9 la candidature italienne avec 179 voix. L\u2019Italie a \u00e9t\u00e9 la nation la plus [&hellip;]","protected":false},"author":6,"featured_media":2621,"comment_status":"closed","ping_status":"closed","sticky":false,"template":"","format":"standard","meta":{"footnotes":""},"tags":[10,14],"class_list":["post-2630","post","type-post","status-publish","format-standard","has-post-thumbnail","hentry","tag-diritti-umani","tag-politica-estera"],"_links":{"self":[{"href":"https:\/\/ambabuja.esteri.it\/fr\/wp-json\/wp\/v2\/posts\/2630","targetHints":{"allow":["GET"]}}],"collection":[{"href":"https:\/\/ambabuja.esteri.it\/fr\/wp-json\/wp\/v2\/posts"}],"about":[{"href":"https:\/\/ambabuja.esteri.it\/fr\/wp-json\/wp\/v2\/types\/post"}],"author":[{"embeddable":true,"href":"https:\/\/ambabuja.esteri.it\/fr\/wp-json\/wp\/v2\/users\/6"}],"replies":[{"embeddable":true,"href":"https:\/\/ambabuja.esteri.it\/fr\/wp-json\/wp\/v2\/comments?post=2630"}],"version-history":[{"count":1,"href":"https:\/\/ambabuja.esteri.it\/fr\/wp-json\/wp\/v2\/posts\/2630\/revisions"}],"predecessor-version":[{"id":2636,"href":"https:\/\/ambabuja.esteri.it\/fr\/wp-json\/wp\/v2\/posts\/2630\/revisions\/2636"}],"wp:featuredmedia":[{"embeddable":true,"href":"https:\/\/ambabuja.esteri.it\/fr\/wp-json\/wp\/v2\/media\/2621"}],"wp:attachment":[{"href":"https:\/\/ambabuja.esteri.it\/fr\/wp-json\/wp\/v2\/media?parent=2630"}],"wp:term":[{"taxonomy":"post_tag","embeddable":true,"href":"https:\/\/ambabuja.esteri.it\/fr\/wp-json\/wp\/v2\/tags?post=2630"}],"curies":[{"name":"wp","href":"https:\/\/api.w.org\/{rel}","templated":true}]}}