{"id":2646,"date":"2025-10-16T09:56:59","date_gmt":"2025-10-16T08:56:59","guid":{"rendered":"https:\/\/ambabuja.esteri.it\/news\/dall_ambasciata\/2025\/10\/informativa-del-ministro-antonio-tajani-sul-piano-di-pace-per-la-striscia-di-gaza\/"},"modified":"2025-10-16T10:58:51","modified_gmt":"2025-10-16T09:58:51","slug":"informativa-del-ministro-antonio-tajani-sul-piano-di-pace-per-la-striscia-di-gaza","status":"publish","type":"post","link":"https:\/\/ambabuja.esteri.it\/fr\/news\/dall_ambasciata\/2025\/10\/informativa-del-ministro-antonio-tajani-sul-piano-di-pace-per-la-striscia-di-gaza\/","title":{"rendered":"D\u00e9claration du ministre Antonio Tajani sur le plan de paix pour la bande de Gaza"},"content":{"rendered":"<p>Le ministre des Affaires \u00e9trang\u00e8res et de la Coop\u00e9ration internationale, Antonio Tajani, pr\u00e9sente dans l\u2019h\u00e9micycle du S\u00e9nat une d\u00e9claration en italien sur le plan de paix pour la bande de Gaza :<\/p>\n<p><iframe loading=\"lazy\" title=\"YouTube video player\" src=\"https:\/\/www.youtube.com\/embed\/zJSGolny3J0?si=LN3ZoP6OzfobDdba&amp;start=7579\" width=\"560\" height=\"315\" frameborder=\"0\" allowfullscreen=\"allowfullscreen\"><\/iframe><\/p>\n","protected":false},"excerpt":{"rendered":"Le ministre des Affaires \u00e9trang\u00e8res et de la Coop\u00e9ration internationale, Antonio Tajani, pr\u00e9sente dans l\u2019h\u00e9micycle du S\u00e9nat une d\u00e9claration en italien sur le plan de paix pour la bande de Gaza :","protected":false},"author":6,"featured_media":1614,"comment_status":"closed","ping_status":"closed","sticky":false,"template":"","format":"standard","meta":{"footnotes":""},"tags":[10,14],"class_list":["post-2646","post","type-post","status-publish","format-standard","has-post-thumbnail","hentry","tag-diritti-umani","tag-politica-estera"],"_links":{"self":[{"href":"https:\/\/ambabuja.esteri.it\/fr\/wp-json\/wp\/v2\/posts\/2646","targetHints":{"allow":["GET"]}}],"collection":[{"href":"https:\/\/ambabuja.esteri.it\/fr\/wp-json\/wp\/v2\/posts"}],"about":[{"href":"https:\/\/ambabuja.esteri.it\/fr\/wp-json\/wp\/v2\/types\/post"}],"author":[{"embeddable":true,"href":"https:\/\/ambabuja.esteri.it\/fr\/wp-json\/wp\/v2\/users\/6"}],"replies":[{"embeddable":true,"href":"https:\/\/ambabuja.esteri.it\/fr\/wp-json\/wp\/v2\/comments?post=2646"}],"version-history":[{"count":3,"href":"https:\/\/ambabuja.esteri.it\/fr\/wp-json\/wp\/v2\/posts\/2646\/revisions"}],"predecessor-version":[{"id":2673,"href":"https:\/\/ambabuja.esteri.it\/fr\/wp-json\/wp\/v2\/posts\/2646\/revisions\/2673"}],"wp:featuredmedia":[{"embeddable":true,"href":"https:\/\/ambabuja.esteri.it\/fr\/wp-json\/wp\/v2\/media\/1614"}],"wp:attachment":[{"href":"https:\/\/ambabuja.esteri.it\/fr\/wp-json\/wp\/v2\/media?parent=2646"}],"wp:term":[{"taxonomy":"post_tag","embeddable":true,"href":"https:\/\/ambabuja.esteri.it\/fr\/wp-json\/wp\/v2\/tags?post=2646"}],"curies":[{"name":"wp","href":"https:\/\/api.w.org\/{rel}","templated":true}]}}