{"id":2899,"date":"2023-10-06T08:47:21","date_gmt":"2023-10-06T07:47:21","guid":{"rendered":"https:\/\/ambabuja.esteri.it\/news\/dall_ambasciata\/2023\/10\/avviso-assunzione-impiegato-a-contratto\/"},"modified":"2025-10-30T12:20:33","modified_gmt":"2025-10-30T11:20:33","slug":"avviso-assunzione-impiegato-a-contratto","status":"publish","type":"post","link":"https:\/\/ambabuja.esteri.it\/fr\/news\/dall_ambasciata\/2023\/10\/avviso-assunzione-impiegato-a-contratto\/","title":{"rendered":"Dernier Avis \u2013 Recrutement d\u2019un Employ\u00e9 sous Contrat"},"content":{"rendered":"<p>En r\u00e9f\u00e9rence \u00e0 l\u2019<a href=\"https:\/\/ambabuja.esteri.it\/fr\/news\/dall_ambasciata\/2023\/10\/avviso-assunzione-impiegato-a-contratto\/\">avis d\u00e9j\u00e0 publi\u00e9 le 29 septembre 2025<\/a>, il est rappel\u00e9 la publication de l\u2019avis de recrutement d\u2019un (1) employ\u00e9 sous contrat, \u00e0 affecter aux services d\u2019Assistant administratif aupr\u00e8s de l\u2019Ambassade d\u2019Italie \u00e0 Abuja.<\/p>\n<p>Les candidatures devront parvenir au plus tard \u00e0 16h30 le 30 octobre 2023.<\/p>\n<ul>\n<li style=\"list-style-type: none;\">\n<ul>\n<li><a href=\"https:\/\/ambabuja.esteri.it\/wp-content\/uploads\/resource\/img\/2023\/09\/abuja_avviso_di_assunzione_di_impiegato_a_contratto.pdf\">avis public<\/a><\/li>\n<li><a href=\"https:\/\/ambabuja.esteri.it\/wp-content\/uploads\/resource\/img\/2023\/09\/modello_domanda.pdf\">formulaire de candidature<\/a><\/li>\n<\/ul>\n<\/li>\n<\/ul>\n","protected":false},"excerpt":{"rendered":"En r\u00e9f\u00e9rence \u00e0 l\u2019avis d\u00e9j\u00e0 publi\u00e9 le 29 septembre 2025, il est rappel\u00e9 la publication de l\u2019avis de recrutement d\u2019un (1) employ\u00e9 sous contrat, \u00e0 affecter aux services d\u2019Assistant administratif aupr\u00e8s de l\u2019Ambassade d\u2019Italie \u00e0 Abuja. Les candidatures devront parvenir au plus tard \u00e0 16h30 le 30 octobre 2023. avis public formulaire de candidature","protected":false},"author":1,"featured_media":0,"comment_status":"closed","ping_status":"closed","sticky":false,"template":"","format":"standard","meta":{"footnotes":""},"tags":[12],"class_list":["post-2899","post","type-post","status-publish","format-standard","hentry","tag-italiani-nel-mondo"],"_links":{"self":[{"href":"https:\/\/ambabuja.esteri.it\/fr\/wp-json\/wp\/v2\/posts\/2899","targetHints":{"allow":["GET"]}}],"collection":[{"href":"https:\/\/ambabuja.esteri.it\/fr\/wp-json\/wp\/v2\/posts"}],"about":[{"href":"https:\/\/ambabuja.esteri.it\/fr\/wp-json\/wp\/v2\/types\/post"}],"author":[{"embeddable":true,"href":"https:\/\/ambabuja.esteri.it\/fr\/wp-json\/wp\/v2\/users\/1"}],"replies":[{"embeddable":true,"href":"https:\/\/ambabuja.esteri.it\/fr\/wp-json\/wp\/v2\/comments?post=2899"}],"version-history":[{"count":3,"href":"https:\/\/ambabuja.esteri.it\/fr\/wp-json\/wp\/v2\/posts\/2899\/revisions"}],"predecessor-version":[{"id":2947,"href":"https:\/\/ambabuja.esteri.it\/fr\/wp-json\/wp\/v2\/posts\/2899\/revisions\/2947"}],"wp:attachment":[{"href":"https:\/\/ambabuja.esteri.it\/fr\/wp-json\/wp\/v2\/media?parent=2899"}],"wp:term":[{"taxonomy":"post_tag","embeddable":true,"href":"https:\/\/ambabuja.esteri.it\/fr\/wp-json\/wp\/v2\/tags?post=2899"}],"curies":[{"name":"wp","href":"https:\/\/api.w.org\/{rel}","templated":true}]}}