{"id":2962,"date":"2023-12-01T14:30:44","date_gmt":"2023-12-01T13:30:44","guid":{"rendered":"https:\/\/ambabuja.esteri.it\/news\/dall_ambasciata\/2023\/12\/esito-prove-desame-concorso-assistente-amministrativo\/"},"modified":"2025-10-30T12:51:16","modified_gmt":"2025-10-30T11:51:16","slug":"esito-prove-desame-concorso-assistente-amministrativo","status":"publish","type":"post","link":"https:\/\/ambabuja.esteri.it\/fr\/news\/dall_ambasciata\/2023\/12\/esito-prove-desame-concorso-assistente-amministrativo\/","title":{"rendered":"R\u00e9sultats des \u00e9preuves pour le recrutement d\u2019un (1) Assistant administratif"},"content":{"rendered":"<p>En r\u00e9f\u00e9rence aux avis publi\u00e9s le <a href=\"https:\/\/ambabuja.esteri.it\/fr\/news\/dall_ambasciata\/2023\/09\/avviso-assunzione-impiegato-a-contratto-2\/\">29 septembre 2025<\/a> et le <a href=\"https:\/\/ambabuja.esteri.it\/fr\/news\/dall_ambasciata\/2023\/10\/avviso-assunzione-impiegato-a-contratto\/\">06 octobre 2023<\/a>, la liste de m\u00e9rite des candidats retenus pour le poste d\u2019employ\u00e9 sous contrat, \u00e0 affecter aux services d\u2019Assistant administratif aupr\u00e8s de l\u2019Ambassade d\u2019Italie \u00e0 Abuja, est publi\u00e9e. Une version PDF t\u00e9l\u00e9chargeable est jointe.<\/p>\n","protected":false},"excerpt":{"rendered":"En r\u00e9f\u00e9rence aux avis publi\u00e9s le 29 septembre 2025 et le 06 octobre 2023, la liste de m\u00e9rite des candidats retenus pour le poste d\u2019employ\u00e9 sous contrat, \u00e0 affecter aux services d\u2019Assistant administratif aupr\u00e8s de l\u2019Ambassade d\u2019Italie \u00e0 Abuja, est publi\u00e9e. Une version PDF t\u00e9l\u00e9chargeable est jointe.","protected":false},"author":6,"featured_media":1504,"comment_status":"closed","ping_status":"closed","sticky":false,"template":"","format":"standard","meta":{"footnotes":""},"tags":[12],"class_list":["post-2962","post","type-post","status-publish","format-standard","has-post-thumbnail","hentry","tag-italiani-nel-mondo"],"_links":{"self":[{"href":"https:\/\/ambabuja.esteri.it\/fr\/wp-json\/wp\/v2\/posts\/2962","targetHints":{"allow":["GET"]}}],"collection":[{"href":"https:\/\/ambabuja.esteri.it\/fr\/wp-json\/wp\/v2\/posts"}],"about":[{"href":"https:\/\/ambabuja.esteri.it\/fr\/wp-json\/wp\/v2\/types\/post"}],"author":[{"embeddable":true,"href":"https:\/\/ambabuja.esteri.it\/fr\/wp-json\/wp\/v2\/users\/6"}],"replies":[{"embeddable":true,"href":"https:\/\/ambabuja.esteri.it\/fr\/wp-json\/wp\/v2\/comments?post=2962"}],"version-history":[{"count":3,"href":"https:\/\/ambabuja.esteri.it\/fr\/wp-json\/wp\/v2\/posts\/2962\/revisions"}],"predecessor-version":[{"id":2977,"href":"https:\/\/ambabuja.esteri.it\/fr\/wp-json\/wp\/v2\/posts\/2962\/revisions\/2977"}],"wp:featuredmedia":[{"embeddable":true,"href":"https:\/\/ambabuja.esteri.it\/fr\/wp-json\/wp\/v2\/media\/1504"}],"wp:attachment":[{"href":"https:\/\/ambabuja.esteri.it\/fr\/wp-json\/wp\/v2\/media?parent=2962"}],"wp:term":[{"taxonomy":"post_tag","embeddable":true,"href":"https:\/\/ambabuja.esteri.it\/fr\/wp-json\/wp\/v2\/tags?post=2962"}],"curies":[{"name":"wp","href":"https:\/\/api.w.org\/{rel}","templated":true}]}}