{"id":3119,"date":"2025-11-06T12:32:54","date_gmt":"2025-11-06T11:32:54","guid":{"rendered":"https:\/\/ambabuja.esteri.it\/news\/dall_ambasciata\/2025\/11\/in-memoria-del-ministro-plenipotenziario-marcello-ricoveri\/"},"modified":"2025-11-06T12:58:42","modified_gmt":"2025-11-06T11:58:42","slug":"in-memoria-del-ministro-plenipotenziario-marcello-ricoveri","status":"publish","type":"post","link":"https:\/\/ambabuja.esteri.it\/fr\/news\/dall_ambasciata\/2025\/11\/in-memoria-del-ministro-plenipotenziario-marcello-ricoveri\/","title":{"rendered":"En m\u00e9moire du Ministre pl\u00e9nipotentiaire Marcello Ricoveri"},"content":{"rendered":"<p>L\u2019Ambassade d\u2019Italie \u00e0 Abuja exprime ses plus sinc\u00e8res condol\u00e9ances et s\u2019associe \u00e0 la douleur de la famille \u00e0 l\u2019occasion du d\u00e9c\u00e8s du Ministre pl\u00e9nipotentiaire Marcello Ricoveri, qui fut Chef de la Mission diplomatique de 2003 \u00e0 2006.<\/p>\n","protected":false},"excerpt":{"rendered":"L\u2019Ambassade d\u2019Italie \u00e0 Abuja exprime ses plus sinc\u00e8res condol\u00e9ances et s\u2019associe \u00e0 la douleur de la famille \u00e0 l\u2019occasion du d\u00e9c\u00e8s du Ministre pl\u00e9nipotentiaire Marcello Ricoveri, qui fut Chef de la Mission diplomatique de 2003 \u00e0 2006.","protected":false},"author":6,"featured_media":3128,"comment_status":"closed","ping_status":"closed","sticky":false,"template":"","format":"standard","meta":{"footnotes":""},"tags":[12],"class_list":["post-3119","post","type-post","status-publish","format-standard","has-post-thumbnail","hentry","tag-italiani-nel-mondo"],"_links":{"self":[{"href":"https:\/\/ambabuja.esteri.it\/fr\/wp-json\/wp\/v2\/posts\/3119","targetHints":{"allow":["GET"]}}],"collection":[{"href":"https:\/\/ambabuja.esteri.it\/fr\/wp-json\/wp\/v2\/posts"}],"about":[{"href":"https:\/\/ambabuja.esteri.it\/fr\/wp-json\/wp\/v2\/types\/post"}],"author":[{"embeddable":true,"href":"https:\/\/ambabuja.esteri.it\/fr\/wp-json\/wp\/v2\/users\/6"}],"replies":[{"embeddable":true,"href":"https:\/\/ambabuja.esteri.it\/fr\/wp-json\/wp\/v2\/comments?post=3119"}],"version-history":[{"count":1,"href":"https:\/\/ambabuja.esteri.it\/fr\/wp-json\/wp\/v2\/posts\/3119\/revisions"}],"predecessor-version":[{"id":3125,"href":"https:\/\/ambabuja.esteri.it\/fr\/wp-json\/wp\/v2\/posts\/3119\/revisions\/3125"}],"wp:featuredmedia":[{"embeddable":true,"href":"https:\/\/ambabuja.esteri.it\/fr\/wp-json\/wp\/v2\/media\/3128"}],"wp:attachment":[{"href":"https:\/\/ambabuja.esteri.it\/fr\/wp-json\/wp\/v2\/media?parent=3119"}],"wp:term":[{"taxonomy":"post_tag","embeddable":true,"href":"https:\/\/ambabuja.esteri.it\/fr\/wp-json\/wp\/v2\/tags?post=3119"}],"curies":[{"name":"wp","href":"https:\/\/api.w.org\/{rel}","templated":true}]}}