{"id":3137,"date":"2025-11-06T13:05:45","date_gmt":"2025-11-06T12:05:45","guid":{"rendered":"https:\/\/ambabuja.esteri.it\/news\/dall_ambasciata\/2025\/11\/tajani-annuncia-italia-per-il-sudan-mobilitazione-di-emergenza-per-la-crisi-umanitaria-sudanese\/"},"modified":"2025-11-06T13:14:41","modified_gmt":"2025-11-06T12:14:41","slug":"tajani-annuncia-italia-per-il-sudan-mobilitazione-di-emergenza-per-la-crisi-umanitaria-sudanese","status":"publish","type":"post","link":"https:\/\/ambabuja.esteri.it\/fr\/news\/dall_ambasciata\/2025\/11\/tajani-annuncia-italia-per-il-sudan-mobilitazione-di-emergenza-per-la-crisi-umanitaria-sudanese\/","title":{"rendered":"Le ministre des Affaires \u00e9trang\u00e8res italien annonce \u201cItalie pour le Soudan\u201d, mobilisation d\u2019urgence face \u00e0 la crise humanitaire soudanaise"},"content":{"rendered":"<p>Lors de son intervention aujourd\u2019hui \u00e0 la Chambre des d\u00e9put\u00e9s en r\u00e9ponse \u00e0 une question, le ministre des Affaires \u00e9trang\u00e8res Antonio Tajani a \u00e9galement fait le point sur les actions du gouvernement italien pour faire face \u00e0 la situation humanitaire provoqu\u00e9e par la guerre civile au Soudan.<\/p>\n<p>Selon Tajani, \u00ab l\u2019Italie est en premi\u00e8re ligne sur le front de l\u2019assistance humanitaire, en soutien aux civils les plus vuln\u00e9rables, \u00e0 commencer par les enfants. Pour la crise au Soudan, nous avons allou\u00e9 plus de 125 millions d\u2019euros pour des interventions visant \u00e0 soutenir les services de base et les communaut\u00e9s soudanaises dans les pays voisins. \u00bb<\/p>\n<p>Le gouvernement a d\u00e9cid\u00e9 de concentrer son engagement humanitaire dans une initiative intitul\u00e9e \u00ab Italie pour le Soudan \u00bb afin de faire face \u00e0 la crise. L\u2019initiative pr\u00e9voit un premier vol humanitaire organis\u00e9 par notre Coop\u00e9ration, avec les forces du Syst\u00e8me Italie. \u00ab Nous apporterons tr\u00e8s bient\u00f4t des tonnes d\u2019aide alimentaire \u00e0 plus de 2 500 enfants, par l\u2019interm\u00e9diaire de la paroisse du Sacr\u00e9\u2011C\u0153ur du P\u00e8re Pious Anyaja \u00e0 Port\u2011Soudan, des P\u00e8res comboniens et des S\u0153urs de M\u00e8re Teresa \u00bb, a pr\u00e9cis\u00e9 le ministre.<\/p>\n<p>Le gouvernement entend \u00e9galement organiser la mission d\u2019un navire qui acheminera d\u2019autres aides \u00e0 Port\u2011Soudan, afin de fournir une assistance imm\u00e9diate \u00e0 26 000 r\u00e9fugi\u00e9s qui se trouvent actuellement dans la ville.<\/p>\n<p>Selon Tajani, \u00ab les affrontements entre les Forces arm\u00e9es soudanaises (SAF) et les Forces de soutien rapide (RSF) continuent de provoquer de tr\u00e8s graves violations des droits humains et une profonde crise humanitaire dans tout le pays. \u00bb Selon les derni\u00e8res estimations, plus de 12 millions de Soudanais auraient \u00e9t\u00e9 contraints de quitter leur foyer.<\/p>\n","protected":false},"excerpt":{"rendered":"Lors de son intervention aujourd\u2019hui \u00e0 la Chambre des d\u00e9put\u00e9s en r\u00e9ponse \u00e0 une question, le ministre des Affaires \u00e9trang\u00e8res Antonio Tajani a \u00e9galement fait le point sur les actions du gouvernement italien pour faire face \u00e0 la situation humanitaire provoqu\u00e9e par la guerre civile au Soudan. Selon Tajani, \u00ab l\u2019Italie est en premi\u00e8re ligne [&hellip;]","protected":false},"author":6,"featured_media":3104,"comment_status":"closed","ping_status":"closed","sticky":false,"template":"","format":"standard","meta":{"footnotes":""},"tags":[10,14],"class_list":["post-3137","post","type-post","status-publish","format-standard","has-post-thumbnail","hentry","tag-diritti-umani","tag-politica-estera"],"_links":{"self":[{"href":"https:\/\/ambabuja.esteri.it\/fr\/wp-json\/wp\/v2\/posts\/3137","targetHints":{"allow":["GET"]}}],"collection":[{"href":"https:\/\/ambabuja.esteri.it\/fr\/wp-json\/wp\/v2\/posts"}],"about":[{"href":"https:\/\/ambabuja.esteri.it\/fr\/wp-json\/wp\/v2\/types\/post"}],"author":[{"embeddable":true,"href":"https:\/\/ambabuja.esteri.it\/fr\/wp-json\/wp\/v2\/users\/6"}],"replies":[{"embeddable":true,"href":"https:\/\/ambabuja.esteri.it\/fr\/wp-json\/wp\/v2\/comments?post=3137"}],"version-history":[{"count":1,"href":"https:\/\/ambabuja.esteri.it\/fr\/wp-json\/wp\/v2\/posts\/3137\/revisions"}],"predecessor-version":[{"id":3143,"href":"https:\/\/ambabuja.esteri.it\/fr\/wp-json\/wp\/v2\/posts\/3137\/revisions\/3143"}],"wp:featuredmedia":[{"embeddable":true,"href":"https:\/\/ambabuja.esteri.it\/fr\/wp-json\/wp\/v2\/media\/3104"}],"wp:attachment":[{"href":"https:\/\/ambabuja.esteri.it\/fr\/wp-json\/wp\/v2\/media?parent=3137"}],"wp:term":[{"taxonomy":"post_tag","embeddable":true,"href":"https:\/\/ambabuja.esteri.it\/fr\/wp-json\/wp\/v2\/tags?post=3137"}],"curies":[{"name":"wp","href":"https:\/\/api.w.org\/{rel}","templated":true}]}}