{"id":3381,"date":"2025-12-04T11:07:31","date_gmt":"2025-12-04T10:07:31","guid":{"rendered":"https:\/\/ambabuja.esteri.it\/news\/dall_ambasciata\/2025\/12\/rapporto-italiani-nel-mondo\/"},"modified":"2025-12-04T11:36:47","modified_gmt":"2025-12-04T10:36:47","slug":"rapporto-italiani-nel-mondo","status":"publish","type":"post","link":"https:\/\/ambabuja.esteri.it\/fr\/news\/dall_ambasciata\/2025\/12\/rapporto-italiani-nel-mondo\/","title":{"rendered":"Rapport Italiens dans le Monde 2025"},"content":{"rendered":"<p>e 11 novembre, la XXe \u00e9dition du <em>Rapport <strong>Italiens dans le Monde<\/strong><\/em> de la <strong>Fondation Migrantes<\/strong> a \u00e9t\u00e9 pr\u00e9sent\u00e9e \u00e0 Rome, avec un focus sur le th\u00e8me des expatriations et de la \u201cfuite des cerveaux\u201d. Depuis 2006, le solde migratoire des Italiens enregistre <strong>une diminution de 817 000 citoyens <\/strong>au cours des 20 derni\u00e8res ann\u00e9es.\u00a0Il s\u2019agit principalement de jeunes originaires de Lombardie, du Nord\u2011Est et du Sud de l\u2019Italie, qui privil\u00e9gient surtout les autres pays europ\u00e9ens. <strong>Pr\u00e8s d\u2019un Italien sur neuf<\/strong> est inscrit \u00e0 l\u2019Anagrafe des Italiens r\u00e9sidant \u00e0 l\u2019\u00e9tranger (AIRE).<\/p>\n<p>Le<a href=\"https:\/\/www.migrantes.it\/rapporto-italiani-nel-mondo-2025-20-anni-di-mobilitaitaliana-non-fuga-ne-cervelli-ma-talenti-che-scelgono\/\"> rapport complet<\/a> et le <a href=\"https:\/\/www.migrantes.it\/wpcontent\/uploads\/sites\/50\/2025\/11\/Sintesi_RIM2025.pdf\">r\u00e9sum\u00e9<\/a> sont disponibles gratuitement sur le site officiel de la Fondation Migrantes.<\/p>\n","protected":false},"excerpt":{"rendered":"e 11 novembre, la XXe \u00e9dition du Rapport Italiens dans le Monde de la Fondation Migrantes a \u00e9t\u00e9 pr\u00e9sent\u00e9e \u00e0 Rome, avec un focus sur le th\u00e8me des expatriations et de la \u201cfuite des cerveaux\u201d. Depuis 2006, le solde migratoire des Italiens enregistre une diminution de 817 000 citoyens au cours des 20 derni\u00e8res ann\u00e9es.\u00a0Il [&hellip;]","protected":false},"author":6,"featured_media":3373,"comment_status":"closed","ping_status":"closed","sticky":false,"template":"","format":"standard","meta":{"footnotes":""},"tags":[12,15],"class_list":["post-3381","post","type-post","status-publish","format-standard","has-post-thumbnail","hentry","tag-italiani-nel-mondo","tag-unione-europea"],"_links":{"self":[{"href":"https:\/\/ambabuja.esteri.it\/fr\/wp-json\/wp\/v2\/posts\/3381","targetHints":{"allow":["GET"]}}],"collection":[{"href":"https:\/\/ambabuja.esteri.it\/fr\/wp-json\/wp\/v2\/posts"}],"about":[{"href":"https:\/\/ambabuja.esteri.it\/fr\/wp-json\/wp\/v2\/types\/post"}],"author":[{"embeddable":true,"href":"https:\/\/ambabuja.esteri.it\/fr\/wp-json\/wp\/v2\/users\/6"}],"replies":[{"embeddable":true,"href":"https:\/\/ambabuja.esteri.it\/fr\/wp-json\/wp\/v2\/comments?post=3381"}],"version-history":[{"count":2,"href":"https:\/\/ambabuja.esteri.it\/fr\/wp-json\/wp\/v2\/posts\/3381\/revisions"}],"predecessor-version":[{"id":3390,"href":"https:\/\/ambabuja.esteri.it\/fr\/wp-json\/wp\/v2\/posts\/3381\/revisions\/3390"}],"wp:featuredmedia":[{"embeddable":true,"href":"https:\/\/ambabuja.esteri.it\/fr\/wp-json\/wp\/v2\/media\/3373"}],"wp:attachment":[{"href":"https:\/\/ambabuja.esteri.it\/fr\/wp-json\/wp\/v2\/media?parent=3381"}],"wp:term":[{"taxonomy":"post_tag","embeddable":true,"href":"https:\/\/ambabuja.esteri.it\/fr\/wp-json\/wp\/v2\/tags?post=3381"}],"curies":[{"name":"wp","href":"https:\/\/api.w.org\/{rel}","templated":true}]}}