{"id":4958,"date":"2026-09-01T15:51:06","date_gmt":"2026-09-01T14:51:06","guid":{"rendered":"https:\/\/ambabuja.esteri.it\/?p=4958"},"modified":"2026-09-01T15:51:06","modified_gmt":"2026-09-01T14:51:06","slug":"la-farnesina-al-fianco-degli-italiani-nel-mondo","status":"publish","type":"post","link":"https:\/\/ambabuja.esteri.it\/it\/news\/dall_ambasciata\/2026\/09\/la-farnesina-al-fianco-degli-italiani-nel-mondo\/","title":{"rendered":"La Farnesina al fianco degli italiani nel mondo"},"content":{"rendered":"<p>Durante l\u2019estate 2026 la Farnesina, attraverso l\u2019Unit\u00e0 di Crisi e la rete diplomatico-consolare, ha garantito assistenza a migliaia di connazionali all\u2019estero, intervenendo in situazioni di emergenza e difficolt\u00e0.<\/p>\n<p>Dal 1\u00b0 giugno al 31 agosto sono stati organizzati 25 rimpatri sanitari e gestite oltre 600 attivit\u00e0 di assistenza consolare, tra cui 400 interventi di sostegno economico urgente. Le sedi diplomatiche hanno inoltre seguito circa 370 connazionali arrestati o trattenuti dalle autorit\u00e0 locali.<\/p>\n<p>Sul fronte documentale, sono stati rilasciati circa 210.000 passaporti e carte d\u2019identit\u00e0 elettroniche, oltre a 4.000 documenti di viaggio provvisori per chi si trovava in emergenza.<\/p>\n<p>La Sala Operativa dell\u2019Unit\u00e0 di Crisi ha risposto a pi\u00f9 di 6.000 telefonate e coordinato oltre 130 interventi straordinari legati a calamit\u00e0 naturali, instabilit\u00e0 politica, incidenti marittimi e aerei, e atti di terrorismo. Task force dedicate hanno operato in Venezuela dopo il terremoto, in Nepal a seguito dell\u2019alluvione e in Svizzera dopo la sparatoria di Aarau.<\/p>\n<p>In caso di emergenza, i connazionali possono contattare l\u2019Unit\u00e0 di Crisi al numero <span tabindex=\"0\" role=\"button\" data-url=\"tel:+390636225\" aria-label=\" +39 06 36225 , questo ti porter\u00e0 a \"> +39 06 36225<\/span><\/p>\n<p><img decoding=\"async\" style=\"width: 100%; height: auto; display: block; margin-bottom: 20px;\" src=\"\/wp-content\/uploads\/2026\/09\/farnesina-crisi-assistenza-1.jpg\" alt=\"Assistenza Farnesina 1\" \/><br \/>\n<img decoding=\"async\" style=\"width: 100%; height: auto; display: block; margin-bottom: 20px;\" src=\"\/wp-content\/uploads\/2026\/09\/farnesina-crisi-assistenza-2.jpg\" alt=\"Assistenza Farnesina 2\" \/><br \/>\n<img decoding=\"async\" style=\"width: 100%; height: auto; display: block;\" src=\"\/wp-content\/uploads\/2026\/09\/farnesina-crisi-assistenza-3.jpg\" alt=\"Assistenza Farnesina 3\" \/><\/p>\n","protected":false},"excerpt":{"rendered":"Durante l\u2019estate 2026 la Farnesina, attraverso l\u2019Unit\u00e0 di Crisi e la rete diplomatico-consolare, ha garantito assistenza a migliaia di connazionali all\u2019estero, intervenendo in situazioni di emergenza e difficolt\u00e0. Dal 1\u00b0 giugno al 31 agosto sono stati organizzati 25 rimpatri sanitari e gestite oltre 600 attivit\u00e0 di assistenza consolare, tra cui 400 interventi di sostegno economico [&hellip;]","protected":false},"author":6,"featured_media":4960,"comment_status":"closed","ping_status":"closed","sticky":false,"template":"","format":"standard","meta":{"footnotes":""},"tags":[12,14],"class_list":["post-4958","post","type-post","status-publish","format-standard","has-post-thumbnail","hentry","tag-italiani-nel-mondo","tag-politica-estera"],"_links":{"self":[{"href":"https:\/\/ambabuja.esteri.it\/it\/wp-json\/wp\/v2\/posts\/4958","targetHints":{"allow":["GET"]}}],"collection":[{"href":"https:\/\/ambabuja.esteri.it\/it\/wp-json\/wp\/v2\/posts"}],"about":[{"href":"https:\/\/ambabuja.esteri.it\/it\/wp-json\/wp\/v2\/types\/post"}],"author":[{"embeddable":true,"href":"https:\/\/ambabuja.esteri.it\/it\/wp-json\/wp\/v2\/users\/6"}],"replies":[{"embeddable":true,"href":"https:\/\/ambabuja.esteri.it\/it\/wp-json\/wp\/v2\/comments?post=4958"}],"version-history":[{"count":1,"href":"https:\/\/ambabuja.esteri.it\/it\/wp-json\/wp\/v2\/posts\/4958\/revisions"}],"predecessor-version":[{"id":4970,"href":"https:\/\/ambabuja.esteri.it\/it\/wp-json\/wp\/v2\/posts\/4958\/revisions\/4970"}],"wp:featuredmedia":[{"embeddable":true,"href":"https:\/\/ambabuja.esteri.it\/it\/wp-json\/wp\/v2\/media\/4960"}],"wp:attachment":[{"href":"https:\/\/ambabuja.esteri.it\/it\/wp-json\/wp\/v2\/media?parent=4958"}],"wp:term":[{"taxonomy":"post_tag","embeddable":true,"href":"https:\/\/ambabuja.esteri.it\/it\/wp-json\/wp\/v2\/tags?post=4958"}],"curies":[{"name":"wp","href":"https:\/\/api.w.org\/{rel}","templated":true}]}}